{"id":877,"date":"2024-01-23T11:48:01","date_gmt":"2024-01-23T11:48:01","guid":{"rendered":"http:\/\/ttc-rieseberg-scheppau.de\/?p=877"},"modified":"2024-01-23T11:48:01","modified_gmt":"2024-01-23T11:48:01","slug":"bericht-jahreshauptversammlung-2024","status":"publish","type":"post","link":"http:\/\/ttc-rieseberg-scheppau.de\/?p=877","title":{"rendered":"Bericht Jahreshauptversammlung 2024"},"content":{"rendered":"<p>Am Freitag den 12.01.2024 lud der TTC Rieseberg-Scheppau seine Mitglieder zur Jahreshauptversammlung in den Gemeindekrug Rieseberg ein. Unter den ca. 40 Teilnehmern waren ca. 37\u00a0 von 224 stimmberechtigte Mitglieder des Vereins und G\u00e4ste aus den Partnervereinen SV Boimstorf und SV Glentorf. Nach der Begr\u00fc\u00dfung durch den 1. Vorsitzenden Carsten und der Erfassung der Beschlussf\u00e4higkeit der Versammlung, gab es eine Schweigeminute f\u00fcr den verstorbenen ehemaligen ersten Vorsitzenden Arnold Bullmann.<img loading=\"lazy\" decoding=\"async\" class=\"alignnone  wp-image-880\" src=\"http:\/\/ttc-rieseberg-scheppau.de\/wp-content\/uploads\/2024\/01\/DSC_0006-1-scaled.jpg\" alt=\"\" width=\"306\" height=\"204\" srcset=\"http:\/\/ttc-rieseberg-scheppau.de\/wp-content\/uploads\/2024\/01\/DSC_0006-1-scaled.jpg 2560w, http:\/\/ttc-rieseberg-scheppau.de\/wp-content\/uploads\/2024\/01\/DSC_0006-1-300x200.jpg 300w, http:\/\/ttc-rieseberg-scheppau.de\/wp-content\/uploads\/2024\/01\/DSC_0006-1-1024x683.jpg 1024w, http:\/\/ttc-rieseberg-scheppau.de\/wp-content\/uploads\/2024\/01\/DSC_0006-1-768x512.jpg 768w, http:\/\/ttc-rieseberg-scheppau.de\/wp-content\/uploads\/2024\/01\/DSC_0006-1-1536x1024.jpg 1536w, http:\/\/ttc-rieseberg-scheppau.de\/wp-content\/uploads\/2024\/01\/DSC_0006-1-2048x1365.jpg 2048w, http:\/\/ttc-rieseberg-scheppau.de\/wp-content\/uploads\/2024\/01\/DSC_0006-1-2x1.jpg 2w\" sizes=\"auto, (max-width: 306px) 100vw, 306px\" \/><br \/>\nIm Folgenden berichteten die verschiedenen Sparten des Vereins \u00fcber das vergangene Jahr. Es wurden die sportlichen Ereignisse der Mannschaften, sowie die Veranstaltungen r\u00fcckblickend dargelegt. Inbegriffen war auch der aktuelle Stand der Mannschaften (Tischtennis und Fu\u00dfball beispielsweise) als auch ein Blick auf das sportliche Jahr 2024 im Bereich der Fitness- und Bo\u00dfelsparte. Bekannterma\u00dfen zieren zahlreiche Veranstaltungen den sportlichen als auch feierlichen Rahmen des Vereins. Neben den festetablierten Veranstaltungen wie Schlachtefr\u00fchst\u00fcck, Sportwoche, Blau-Gelbe Nach oder den Nikolausmarkt konnte im Jahr auch das 75 J\u00e4hrige Bestehen des Vereins w\u00fcrdig in einem Jubil\u00e4umsfr\u00fchst\u00fcck am Gr\u00fcndungstag begangen werden. Fazit der Versammlung: Viele Veranstaltungen machten das Jahr 2023 neben dem hohen Beitrag zur F\u00f6rderung des Vereinslebens und Festigung der Dorfgemeinschaft auch aus wirtschaftlicher Sicht ansprechend. Dies fand auch im Bericht des ersten Vorsitzenden lobend seinen Platz. Carsten<\/p>\n<p><em>&#8222;Weiterhin m\u00f6chte ich allen Helfern, Betreuern, \u00dcbungsleitern, Kassierern, Schiedsrichter, Vorstandskollegen, der Feuerwehr Rieseberg, den befreundeten Vereinen und alle, die ich vergessen habe, danken.&#8220;<\/em><\/p>\n<p>Auf den Bericht und die Entlastung des Kassenwartes durch die Kassenpr\u00fcfer (Einzelheiten zu den Ein- bzw. Ausgaben und den Haushaltsplan 2024 sind beim Vorstand zubekommen und werden hier nicht im Detail vermerkt) folgten die zu ehrenden langj\u00e4hrigen Mitglieder und Geburtstagskinder, die der Versammlung beiwohnten.<br \/>\nMit der silbernen Ehrennadel wurden Steffen-Helge Schepp und Patrick Palka geehrt.<br \/>\n<img loading=\"lazy\" decoding=\"async\" class=\"alignnone  wp-image-881\" src=\"http:\/\/ttc-rieseberg-scheppau.de\/wp-content\/uploads\/2024\/01\/DSC_0007-1-scaled.jpg\" alt=\"\" width=\"474\" height=\"316\" srcset=\"http:\/\/ttc-rieseberg-scheppau.de\/wp-content\/uploads\/2024\/01\/DSC_0007-1-scaled.jpg 2560w, http:\/\/ttc-rieseberg-scheppau.de\/wp-content\/uploads\/2024\/01\/DSC_0007-1-300x200.jpg 300w, http:\/\/ttc-rieseberg-scheppau.de\/wp-content\/uploads\/2024\/01\/DSC_0007-1-1024x683.jpg 1024w, http:\/\/ttc-rieseberg-scheppau.de\/wp-content\/uploads\/2024\/01\/DSC_0007-1-768x512.jpg 768w, http:\/\/ttc-rieseberg-scheppau.de\/wp-content\/uploads\/2024\/01\/DSC_0007-1-1536x1024.jpg 1536w, http:\/\/ttc-rieseberg-scheppau.de\/wp-content\/uploads\/2024\/01\/DSC_0007-1-2048x1365.jpg 2048w, http:\/\/ttc-rieseberg-scheppau.de\/wp-content\/uploads\/2024\/01\/DSC_0007-1-2x1.jpg 2w\" sizes=\"auto, (max-width: 474px) 100vw, 474px\" \/><\/p>\n<p>Die Geburtstagskinder (runde Geburtstage) Willi Kaiser, Harry Noormann, J\u00fcrgen Reibe und G\u00fcnter Wedermann bekamen ein Pr\u00e4sent vom Vorstand \u00fcberreicht.<\/p>\n<p><img loading=\"lazy\" decoding=\"async\" class=\"alignnone  wp-image-882\" src=\"http:\/\/ttc-rieseberg-scheppau.de\/wp-content\/uploads\/2024\/01\/DSC_0010-1-scaled.jpg\" alt=\"\" width=\"470\" height=\"313\" srcset=\"http:\/\/ttc-rieseberg-scheppau.de\/wp-content\/uploads\/2024\/01\/DSC_0010-1-scaled.jpg 2560w, http:\/\/ttc-rieseberg-scheppau.de\/wp-content\/uploads\/2024\/01\/DSC_0010-1-300x200.jpg 300w, http:\/\/ttc-rieseberg-scheppau.de\/wp-content\/uploads\/2024\/01\/DSC_0010-1-1024x683.jpg 1024w, http:\/\/ttc-rieseberg-scheppau.de\/wp-content\/uploads\/2024\/01\/DSC_0010-1-768x512.jpg 768w, http:\/\/ttc-rieseberg-scheppau.de\/wp-content\/uploads\/2024\/01\/DSC_0010-1-1536x1024.jpg 1536w, http:\/\/ttc-rieseberg-scheppau.de\/wp-content\/uploads\/2024\/01\/DSC_0010-1-2048x1365.jpg 2048w, http:\/\/ttc-rieseberg-scheppau.de\/wp-content\/uploads\/2024\/01\/DSC_0010-1-2x1.jpg 2w\" sizes=\"auto, (max-width: 470px) 100vw, 470px\" \/><br \/>\nNachdem die gemeldeten Tagesordnungspunkte offen angesprochen und diskutiert wurden folgten Informationen zum F\u00f6rderkreis, Homepage, Fanshop und den Gesundheitsinformationen f\u00fcr den Umgang mit Lebensmitteln.<br \/>\nNach Beendigung der Versammlung lud der TTC zu Bockwurst mit Kartoffelsalat und einigen Kaltgetr\u00e4nken ein.<\/p>\n","protected":false},"excerpt":{"rendered":"<p>Am Freitag den 12.01.2024 lud der TTC Rieseberg-Scheppau seine Mitglieder zur Jahreshauptversammlung in den Gemeindekrug Rieseberg ein. Unter den ca. 40 Teilnehmern waren ca. 37\u00a0 von 224 stimmberechtigte Mitglieder des Vereins und G\u00e4ste aus den Partnervereinen SV Boimstorf und SV Glentorf. Nach der Begr\u00fc\u00dfung durch den 1. Vorsitzenden Carsten und der Erfassung der Beschlussf\u00e4higkeit der [&hellip;]<\/p>\n","protected":false},"author":1,"featured_media":0,"comment_status":"open","ping_status":"open","sticky":false,"template":"","format":"standard","meta":{"footnotes":""},"categories":[1],"tags":[],"class_list":["post-877","post","type-post","status-publish","format-standard","hentry","category-uncategorized"],"_links":{"self":[{"href":"http:\/\/ttc-rieseberg-scheppau.de\/index.php?rest_route=\/wp\/v2\/posts\/877","targetHints":{"allow":["GET"]}}],"collection":[{"href":"http:\/\/ttc-rieseberg-scheppau.de\/index.php?rest_route=\/wp\/v2\/posts"}],"about":[{"href":"http:\/\/ttc-rieseberg-scheppau.de\/index.php?rest_route=\/wp\/v2\/types\/post"}],"author":[{"embeddable":true,"href":"http:\/\/ttc-rieseberg-scheppau.de\/index.php?rest_route=\/wp\/v2\/users\/1"}],"replies":[{"embeddable":true,"href":"http:\/\/ttc-rieseberg-scheppau.de\/index.php?rest_route=%2Fwp%2Fv2%2Fcomments&post=877"}],"version-history":[{"count":3,"href":"http:\/\/ttc-rieseberg-scheppau.de\/index.php?rest_route=\/wp\/v2\/posts\/877\/revisions"}],"predecessor-version":[{"id":883,"href":"http:\/\/ttc-rieseberg-scheppau.de\/index.php?rest_route=\/wp\/v2\/posts\/877\/revisions\/883"}],"wp:attachment":[{"href":"http:\/\/ttc-rieseberg-scheppau.de\/index.php?rest_route=%2Fwp%2Fv2%2Fmedia&parent=877"}],"wp:term":[{"taxonomy":"category","embeddable":true,"href":"http:\/\/ttc-rieseberg-scheppau.de\/index.php?rest_route=%2Fwp%2Fv2%2Fcategories&post=877"},{"taxonomy":"post_tag","embeddable":true,"href":"http:\/\/ttc-rieseberg-scheppau.de\/index.php?rest_route=%2Fwp%2Fv2%2Ftags&post=877"}],"curies":[{"name":"wp","href":"https:\/\/api.w.org\/{rel}","templated":true}]}}